{"id":217,"date":"2021-05-11T12:04:04","date_gmt":"2021-05-11T10:04:04","guid":{"rendered":"http:\/\/interalia.lu\/lagriculture-urbaine-un-levier-multifonctionnel\/"},"modified":"2022-06-16T13:36:08","modified_gmt":"2022-06-16T11:36:08","slug":"lagriculture-urbaine-un-levier-multifonctionnel","status":"publish","type":"post","link":"https:\/\/interalia.lu\/de\/lagriculture-urbaine-un-levier-multifonctionnel\/","title":{"rendered":"L\u2019agriculture urbaine, un levier multifonctionnel"},"content":{"rendered":"<p>[vc_section full_width=&#8220;stretch_row&#8220; el_id=&#8220;single-post-header-intro&#8220; css=&#8220;.vc_custom_1653486297352{background-image: url(\/wp-content\/uploads\/2022\/06\/Group-610.png) !important;}&#8220;][vc_row el_id=&#8220;post-header-title-row&#8220;][vc_column][vc_column_text]<\/p>\n<h1 id=\"single-post-header-title\" class=\"upper\">Actualit\u00e9s<\/h1>\n<p>[\/vc_column_text][\/vc_column][\/vc_row][\/vc_section][vc_section][vc_row][vc_column][vc_column_text el_id=&#8220;single-post-breadcrumbs&#8220; el_class=&#8220;colored al-right&#8220;]<a href=\"\/de\/aktuelles\/\">Actualit\u00e9s<\/a> &gt; <u>L\u2019agriculture urbaine, un levier multifonctionnel<\/u>[\/vc_column_text][\/vc_column][\/vc_row][vc_row][vc_column][vc_column_text el_id=&#8220;post-title-element&#8220;]<\/p>\n<h1>L\u2019agriculture urbaine, un levier multifonctionnel<\/h1>\n<p>[\/vc_column_text][\/vc_column][\/vc_row][vc_row el_id=&#8220;post-share-placeholder&#8220;][vc_column width=&#8220;1\/3&#8243;][\/vc_column][vc_column width=&#8220;1\/3&#8243;][\/vc_column][vc_column width=&#8220;1\/3&#8243;][\/vc_column][\/vc_row][\/vc_section][vc_section][vc_row el_class=&#8220;img-float-right-row&#8220;][vc_column][vc_single_image image=&#8220;129&#8243; img_size=&#8220;full&#8220; alignment=&#8220;center&#8220; el_class=&#8220;post-float-img&#8220; css=&#8220;.vc_custom_1655373953005{margin-bottom: 0px !important;}&#8220;][vc_column_text el_class=&#8220;single-post-top-ex&#8220;]<strong>Quelles strat\u00e9gies de d\u00e9veloppement proposer pour une agriculture 2050 viable et r\u00e9siliente, adapt\u00e9e aux d\u00e9fis climatiques, \u00e9conomiques, environnementaux et d\u00e9mographiques? El\u00e9ments de r\u00e9ponse avec Jacques Nau, administrateur d\u00e9l\u00e9gu\u00e9 d\u2019InterAlia, bureau d\u2019\u00e9tudes actif dans les domaines de la protection des ressources en eau et en sol, de l\u2019agriculture et de la bio\u00e9conomie.<\/strong>[\/vc_column_text][vc_column_text el_class=&#8220;black&#8220;]<\/p>\n<h3 class=\"colored\"><strong>Quel r\u00f4le l\u2019agriculture classique peut-elle jouer pour r\u00e9pondre \u00e0 ces enjeux tout en assurant sa p\u00e9rennit\u00e9?<\/strong><\/h3>\n<p>L\u2019agriculture classique fait d\u00e9j\u00e0 aujourd\u2019hui beaucoup d\u2019efforts en termes de protection des ressources naturelles. Dans un contexte d\u2019exigences environnementales et climatiques croissantes, ces efforts ne vont cesser d\u2019augmenter et inciter \u00e0 un r\u00e9el changement de paradigmes. En relation avec la pression \u00e9conomique grandissante, les petites entreprises familiales vont devoir utiliser les principes de protection \u00e0 leur avantage et se rendre moins d\u00e9pendantes du march\u00e9 mondial fluctuant et impr\u00e9visible.<\/p>\n<p>L\u2019extensification et la diversification des activit\u00e9s peuvent constituer la cl\u00e9 du succ\u00e8s pour les entreprises traditionnelles en permettant de r\u00e9duire charge de travail et investissements. En guise d\u2019exemple, le recours \u00e0 des cultures \u00e0 faible impact et le d\u00e9veloppement des fili\u00e8res biosourc\u00e9es y relatives vont cr\u00e9er des piliers \u00e9conomiques suppl\u00e9mentaires. Pour l\u2019agriculteur, mais aussi pour le Luxembourg en tant que pays moderne cherchant \u00e0 rendre ses activit\u00e9s \u00e9conomiques plus durables.[\/vc_column_text][vc_column_text el_class=&#8220;black&#8220;]<\/p>\n<h3 class=\"bordered-heading colored\"><strong>Dans le cadre de l\u2019expansion des milieux urbains, comment g\u00e9rer les zones de contact avec les zones agricoles?<\/strong><\/h3>\n<p>Les zones rurales et urbaines ont historiquement \u00e9t\u00e9 d\u00e9finies par une grande dichotomie de valeurs et de caract\u00e9ristiques. Le d\u00e9cloisonnement et la red\u00e9finition d\u2019un syst\u00e8me de relations paritaires entre ces territoires est aujourd\u2019hui une priorit\u00e9.<\/p>\n<p>L\u2019agriculture devrait \u00eatre le moteur principal de la gestion de ces zones de transition, gr\u00e2ce \u00e0 ses potentialit\u00e9s pour r\u00e9pondre aux nouveaux besoins de la ville : qualit\u00e9 et proximit\u00e9 des aliments, protection des ressources en eau et en sol, richesse du paysage, connectivit\u00e9 \u00e9cologique.<\/p>\n<p>Il faudrait donc concevoir un mod\u00e8le de gestion sp\u00e9cifique et multifonctionnel pour les terres p\u00e9riurbaines, bas\u00e9 sur la diversification des activit\u00e9s et des d\u00e9bouch\u00e9s des entreprises agricoles et assurant un continuum entre ville et campagne.[\/vc_column_text][vc_column_text el_class=&#8220;black&#8220;]<\/p>\n<h3 class=\"bordered-heading colored\"><strong>Quels b\u00e9n\u00e9fices attendez-vous du d\u00e9ploiement de la \u00ab Strat\u00e9gie Nationale Urban Farming \u00bb \u00e0 court et moyen terme?<\/strong><\/h3>\n<p>L\u2019urban farming constitue une opportunit\u00e9 d\u2019am\u00e9liorer la qualit\u00e9 de vie en ville. L\u2019apport d\u2019\u00e9l\u00e9ments v\u00e9g\u00e9taux au c\u0153ur d\u2019espaces b\u00e2tis rencontre nos besoins de verdure, de fraicheur, de d\u00e9tente.<\/p>\n<p>Un autre atout de l\u2019agriculture urbaine est qu\u2019elle r\u00e9duit certains impacts n\u00e9gatifs de l\u2019urbanisation, en jouant un r\u00f4le \u00ab tampon \u00bb qui permet de r\u00e9guler les temp\u00e9ratures (\u00eelots de chaleur) et de temporiser les d\u00e9bits pluviaux.<\/p>\n<p>L\u2019agriculture urbaine est intrins\u00e8quement multifonctionnelle. Elle rend de nombreux services dits \u00e9cosyst\u00e9miques dans les domaines \u00e9conomique (production alimentaire, structuration des circuits courts), environnemental (enrichissement des biotopes, du maillage \u00e9cologique et de la biodiversit\u00e9) et socio-culturel (d\u00e9tente et loisirs, paysage, liens sociaux, sensibilisation et vie culturelle).<\/p>\n<p>Enfin, l\u2019urban farming constitue un levier pour renforcer les principes de l\u2019\u00e9conomie circulaire dans un projet d\u2019urbanisation, tout en cr\u00e9ant synergies et \u00e9changes, pour une ville toujours plus vivante![\/vc_column_text][vc_column_text]<strong><i>Article paru dans<\/i><\/strong>[\/vc_column_text][vc_single_image image=&#8220;131&#8243; img_size=&#8220;full&#8220; onclick=&#8220;custom_link&#8220; img_link_target=&#8220;_blank&#8220; link=&#8220;https:\/\/www.infogreen.lu\/-de-la-terre-a-la-terre-156-#dossier-du-mois\/article-15668&#8243;][\/vc_column][\/vc_row][\/vc_section]<\/p>\n","protected":false},"excerpt":{"rendered":"<p>Quelles strat\u00e9gies de d\u00e9veloppement proposer pour une agriculture 2050 viable et r\u00e9siliente, adapt\u00e9e aux d\u00e9fis climatiques, \u00e9conomiques, environnementaux et d\u00e9mographiques? El\u00e9ments de r\u00e9ponse avec Jacques Nau, administrateur d\u00e9l\u00e9gu\u00e9 d\u2019InterAlia.<\/p>\n","protected":false},"author":1,"featured_media":128,"comment_status":"closed","ping_status":"closed","sticky":false,"template":"","format":"standard","meta":{"footnotes":""},"categories":[19],"tags":[],"class_list":["post-217","post","type-post","status-publish","format-standard","has-post-thumbnail","hentry","category-projekt"],"yoast_head":"<!-- This site is optimized with the Yoast SEO plugin v19.14 - https:\/\/yoast.com\/wordpress\/plugins\/seo\/ -->\n<title>L\u2019agriculture urbaine, un levier multifonctionnel - Interalia<\/title>\n<meta name=\"robots\" content=\"index, follow, max-snippet:-1, max-image-preview:large, max-video-preview:-1\" \/>\n<link rel=\"canonical\" href=\"https:\/\/interalia.lu\/de\/lagriculture-urbaine-un-levier-multifonctionnel\/\" \/>\n<meta property=\"og:locale\" content=\"de_DE\" \/>\n<meta property=\"og:type\" content=\"article\" \/>\n<meta property=\"og:title\" content=\"L\u2019agriculture urbaine, un levier multifonctionnel - Interalia\" \/>\n<meta property=\"og:description\" content=\"Quelles strat\u00e9gies de d\u00e9veloppement proposer pour une agriculture 2050 viable et r\u00e9siliente, adapt\u00e9e aux d\u00e9fis climatiques, \u00e9conomiques, environnementaux et d\u00e9mographiques? El\u00e9ments de r\u00e9ponse avec Jacques Nau, administrateur d\u00e9l\u00e9gu\u00e9 d\u2019InterAlia.\" \/>\n<meta property=\"og:url\" content=\"https:\/\/interalia.lu\/de\/lagriculture-urbaine-un-levier-multifonctionnel\/\" \/>\n<meta property=\"og:site_name\" content=\"Interalia\" \/>\n<meta property=\"article:published_time\" content=\"2021-05-11T10:04:04+00:00\" \/>\n<meta property=\"article:modified_time\" content=\"2022-06-16T11:36:08+00:00\" \/>\n<meta property=\"og:image\" content=\"https:\/\/interalia.lu\/wp-content\/uploads\/2022\/06\/shutterstock_1086818915_web-800x500-c-default.jpg\" \/>\n\t<meta property=\"og:image:width\" content=\"800\" \/>\n\t<meta property=\"og:image:height\" content=\"500\" \/>\n\t<meta property=\"og:image:type\" content=\"image\/jpeg\" \/>\n<meta name=\"author\" content=\"Interalia\" \/>\n<meta name=\"twitter:card\" content=\"summary_large_image\" \/>\n<meta name=\"twitter:label1\" content=\"Verfasst von\" \/>\n\t<meta name=\"twitter:data1\" content=\"Interalia\" \/>\n\t<meta name=\"twitter:label2\" content=\"Gesch\u00e4tzte Lesezeit\" \/>\n\t<meta name=\"twitter:data2\" content=\"4\u00a0Minuten\" \/>\n<script type=\"application\/ld+json\" class=\"yoast-schema-graph\">{\"@context\":\"https:\/\/schema.org\",\"@graph\":[{\"@type\":\"WebPage\",\"@id\":\"https:\/\/interalia.lu\/de\/lagriculture-urbaine-un-levier-multifonctionnel\/\",\"url\":\"https:\/\/interalia.lu\/de\/lagriculture-urbaine-un-levier-multifonctionnel\/\",\"name\":\"L\u2019agriculture urbaine, un levier multifonctionnel - Interalia\",\"isPartOf\":{\"@id\":\"https:\/\/interalia.lu\/#website\"},\"datePublished\":\"2021-05-11T10:04:04+00:00\",\"dateModified\":\"2022-06-16T11:36:08+00:00\",\"author\":{\"@id\":\"https:\/\/interalia.lu\/#\/schema\/person\/ce9f6877e02719fdf4973901998854c9\"},\"breadcrumb\":{\"@id\":\"https:\/\/interalia.lu\/de\/lagriculture-urbaine-un-levier-multifonctionnel\/#breadcrumb\"},\"inLanguage\":\"de\",\"potentialAction\":[{\"@type\":\"ReadAction\",\"target\":[\"https:\/\/interalia.lu\/de\/lagriculture-urbaine-un-levier-multifonctionnel\/\"]}]},{\"@type\":\"BreadcrumbList\",\"@id\":\"https:\/\/interalia.lu\/de\/lagriculture-urbaine-un-levier-multifonctionnel\/#breadcrumb\",\"itemListElement\":[{\"@type\":\"ListItem\",\"position\":1,\"name\":\"Home\",\"item\":\"https:\/\/interalia.lu\/de\/\"},{\"@type\":\"ListItem\",\"position\":2,\"name\":\"L\u2019agriculture urbaine, un levier multifonctionnel\"}]},{\"@type\":\"WebSite\",\"@id\":\"https:\/\/interalia.lu\/#website\",\"url\":\"https:\/\/interalia.lu\/\",\"name\":\"Interalia\",\"description\":\"Un site utilisant WordPress\",\"inLanguage\":\"de\"},{\"@type\":\"Person\",\"@id\":\"https:\/\/interalia.lu\/#\/schema\/person\/ce9f6877e02719fdf4973901998854c9\",\"name\":\"Interalia\",\"sameAs\":[\"http:\/\/interalia.lu\"]}]}<\/script>\n<!-- \/ Yoast SEO plugin. -->","yoast_head_json":{"title":"L\u2019agriculture urbaine, un levier multifonctionnel - Interalia","robots":{"index":"index","follow":"follow","max-snippet":"max-snippet:-1","max-image-preview":"max-image-preview:large","max-video-preview":"max-video-preview:-1"},"canonical":"https:\/\/interalia.lu\/de\/lagriculture-urbaine-un-levier-multifonctionnel\/","og_locale":"de_DE","og_type":"article","og_title":"L\u2019agriculture urbaine, un levier multifonctionnel - Interalia","og_description":"Quelles strat\u00e9gies de d\u00e9veloppement proposer pour une agriculture 2050 viable et r\u00e9siliente, adapt\u00e9e aux d\u00e9fis climatiques, \u00e9conomiques, environnementaux et d\u00e9mographiques? El\u00e9ments de r\u00e9ponse avec Jacques Nau, administrateur d\u00e9l\u00e9gu\u00e9 d\u2019InterAlia.","og_url":"https:\/\/interalia.lu\/de\/lagriculture-urbaine-un-levier-multifonctionnel\/","og_site_name":"Interalia","article_published_time":"2021-05-11T10:04:04+00:00","article_modified_time":"2022-06-16T11:36:08+00:00","og_image":[{"width":800,"height":500,"url":"https:\/\/interalia.lu\/wp-content\/uploads\/2022\/06\/shutterstock_1086818915_web-800x500-c-default.jpg","type":"image\/jpeg"}],"author":"Interalia","twitter_card":"summary_large_image","twitter_misc":{"Verfasst von":"Interalia","Gesch\u00e4tzte Lesezeit":"4\u00a0Minuten"},"schema":{"@context":"https:\/\/schema.org","@graph":[{"@type":"WebPage","@id":"https:\/\/interalia.lu\/de\/lagriculture-urbaine-un-levier-multifonctionnel\/","url":"https:\/\/interalia.lu\/de\/lagriculture-urbaine-un-levier-multifonctionnel\/","name":"L\u2019agriculture urbaine, un levier multifonctionnel - Interalia","isPartOf":{"@id":"https:\/\/interalia.lu\/#website"},"datePublished":"2021-05-11T10:04:04+00:00","dateModified":"2022-06-16T11:36:08+00:00","author":{"@id":"https:\/\/interalia.lu\/#\/schema\/person\/ce9f6877e02719fdf4973901998854c9"},"breadcrumb":{"@id":"https:\/\/interalia.lu\/de\/lagriculture-urbaine-un-levier-multifonctionnel\/#breadcrumb"},"inLanguage":"de","potentialAction":[{"@type":"ReadAction","target":["https:\/\/interalia.lu\/de\/lagriculture-urbaine-un-levier-multifonctionnel\/"]}]},{"@type":"BreadcrumbList","@id":"https:\/\/interalia.lu\/de\/lagriculture-urbaine-un-levier-multifonctionnel\/#breadcrumb","itemListElement":[{"@type":"ListItem","position":1,"name":"Home","item":"https:\/\/interalia.lu\/de\/"},{"@type":"ListItem","position":2,"name":"L\u2019agriculture urbaine, un levier multifonctionnel"}]},{"@type":"WebSite","@id":"https:\/\/interalia.lu\/#website","url":"https:\/\/interalia.lu\/","name":"Interalia","description":"Un site utilisant WordPress","inLanguage":"de"},{"@type":"Person","@id":"https:\/\/interalia.lu\/#\/schema\/person\/ce9f6877e02719fdf4973901998854c9","name":"Interalia","sameAs":["http:\/\/interalia.lu"]}]}},"_links":{"self":[{"href":"https:\/\/interalia.lu\/de\/wp-json\/wp\/v2\/posts\/217","targetHints":{"allow":["GET"]}}],"collection":[{"href":"https:\/\/interalia.lu\/de\/wp-json\/wp\/v2\/posts"}],"about":[{"href":"https:\/\/interalia.lu\/de\/wp-json\/wp\/v2\/types\/post"}],"author":[{"embeddable":true,"href":"https:\/\/interalia.lu\/de\/wp-json\/wp\/v2\/users\/1"}],"replies":[{"embeddable":true,"href":"https:\/\/interalia.lu\/de\/wp-json\/wp\/v2\/comments?post=217"}],"version-history":[{"count":1,"href":"https:\/\/interalia.lu\/de\/wp-json\/wp\/v2\/posts\/217\/revisions"}],"predecessor-version":[{"id":218,"href":"https:\/\/interalia.lu\/de\/wp-json\/wp\/v2\/posts\/217\/revisions\/218"}],"wp:featuredmedia":[{"embeddable":true,"href":"https:\/\/interalia.lu\/de\/wp-json\/wp\/v2\/media\/128"}],"wp:attachment":[{"href":"https:\/\/interalia.lu\/de\/wp-json\/wp\/v2\/media?parent=217"}],"wp:term":[{"taxonomy":"category","embeddable":true,"href":"https:\/\/interalia.lu\/de\/wp-json\/wp\/v2\/categories?post=217"},{"taxonomy":"post_tag","embeddable":true,"href":"https:\/\/interalia.lu\/de\/wp-json\/wp\/v2\/tags?post=217"}],"curies":[{"name":"wp","href":"https:\/\/api.w.org\/{rel}","templated":true}]}}